{"id":2512,"date":"2022-02-24T14:38:32","date_gmt":"2022-02-24T14:38:32","guid":{"rendered":"https:\/\/www.tmlmobilidade.pt\/?p=2512"},"modified":"2022-02-25T15:45:56","modified_gmt":"2022-02-25T15:45:56","slug":"vimeca-alteracao-de-percurso","status":"publish","type":"post","link":"https:\/\/www.tmlmobilidade.pt\/en\/comunicacao\/comunicados\/vimeca-alteracao-de-percurso\/","title":{"rendered":"VIMECA &#8211; Condicionamentos"},"content":{"rendered":"\n<p>Devido \u00e0 realiza\u00e7\u00e3o do Cortejo de Carnaval no Casal da Mira, no dia 25 de fevereiro entre as 10:00 e as 11:30, podem existir condicionamentos na carreira 142 da Vimeca.<\/p>\n","protected":false},"excerpt":{"rendered":"<p>Devido \u00e0 realiza\u00e7\u00e3o do Cortejo de Carnaval no Casal da Mira, no dia 25 de fevereiro entre as 10:00 e as 11:30, podem existir condicionamentos na carreira 142 da Vimeca.<\/p>\n","protected":false},"author":2,"featured_media":0,"comment_status":"closed","ping_status":"closed","sticky":false,"template":"","format":"standard","meta":[],"categories":[102],"tags":[],"acf":[],"_links":{"self":[{"href":"https:\/\/www.tmlmobilidade.pt\/en\/wp-json\/wp\/v2\/posts\/2512"}],"collection":[{"href":"https:\/\/www.tmlmobilidade.pt\/en\/wp-json\/wp\/v2\/posts"}],"about":[{"href":"https:\/\/www.tmlmobilidade.pt\/en\/wp-json\/wp\/v2\/types\/post"}],"author":[{"embeddable":true,"href":"https:\/\/www.tmlmobilidade.pt\/en\/wp-json\/wp\/v2\/users\/2"}],"replies":[{"embeddable":true,"href":"https:\/\/www.tmlmobilidade.pt\/en\/wp-json\/wp\/v2\/comments?post=2512"}],"version-history":[{"count":4,"href":"https:\/\/www.tmlmobilidade.pt\/en\/wp-json\/wp\/v2\/posts\/2512\/revisions"}],"predecessor-version":[{"id":2525,"href":"https:\/\/www.tmlmobilidade.pt\/en\/wp-json\/wp\/v2\/posts\/2512\/revisions\/2525"}],"wp:attachment":[{"href":"https:\/\/www.tmlmobilidade.pt\/en\/wp-json\/wp\/v2\/media?parent=2512"}],"wp:term":[{"taxonomy":"category","embeddable":true,"href":"https:\/\/www.tmlmobilidade.pt\/en\/wp-json\/wp\/v2\/categories?post=2512"},{"taxonomy":"post_tag","embeddable":true,"href":"https:\/\/www.tmlmobilidade.pt\/en\/wp-json\/wp\/v2\/tags?post=2512"}],"curies":[{"name":"wp","href":"https:\/\/api.w.org\/{rel}","templated":true}]}}