{"id":2346,"date":"2022-02-18T11:38:28","date_gmt":"2022-02-18T11:38:28","guid":{"rendered":"http:\/\/www.tmlmobilidade.pt\/?p=2346"},"modified":"2022-02-18T11:38:29","modified_gmt":"2022-02-18T11:38:29","slug":"codigo-de-boa-conduta-para-a-prevencao-e-combate-ao-assedio-no-trabalho","status":"publish","type":"post","link":"https:\/\/www.tmlmobilidade.pt\/en\/sobre-a-tml\/politicas-de-bom-governo\/codigo-de-boa-conduta-para-a-prevencao-e-combate-ao-assedio-no-trabalho\/","title":{"rendered":"C\u00f3digo de Boa Conduta para a Preven\u00e7\u00e3o e Combate ao Ass\u00e9dio no Trabalho"},"content":{"rendered":"","protected":false},"excerpt":{"rendered":"","protected":false},"author":2,"featured_media":0,"comment_status":"closed","ping_status":"closed","sticky":false,"template":"","format":"standard","meta":[],"categories":[35],"tags":[],"acf":[],"_links":{"self":[{"href":"https:\/\/www.tmlmobilidade.pt\/en\/wp-json\/wp\/v2\/posts\/2346"}],"collection":[{"href":"https:\/\/www.tmlmobilidade.pt\/en\/wp-json\/wp\/v2\/posts"}],"about":[{"href":"https:\/\/www.tmlmobilidade.pt\/en\/wp-json\/wp\/v2\/types\/post"}],"author":[{"embeddable":true,"href":"https:\/\/www.tmlmobilidade.pt\/en\/wp-json\/wp\/v2\/users\/2"}],"replies":[{"embeddable":true,"href":"https:\/\/www.tmlmobilidade.pt\/en\/wp-json\/wp\/v2\/comments?post=2346"}],"version-history":[{"count":2,"href":"https:\/\/www.tmlmobilidade.pt\/en\/wp-json\/wp\/v2\/posts\/2346\/revisions"}],"predecessor-version":[{"id":2348,"href":"https:\/\/www.tmlmobilidade.pt\/en\/wp-json\/wp\/v2\/posts\/2346\/revisions\/2348"}],"wp:attachment":[{"href":"https:\/\/www.tmlmobilidade.pt\/en\/wp-json\/wp\/v2\/media?parent=2346"}],"wp:term":[{"taxonomy":"category","embeddable":true,"href":"https:\/\/www.tmlmobilidade.pt\/en\/wp-json\/wp\/v2\/categories?post=2346"},{"taxonomy":"post_tag","embeddable":true,"href":"https:\/\/www.tmlmobilidade.pt\/en\/wp-json\/wp\/v2\/tags?post=2346"}],"curies":[{"name":"wp","href":"https:\/\/api.w.org\/{rel}","templated":true}]}}